{"id":1516,"date":"2025-03-13T16:36:59","date_gmt":"2025-03-13T15:36:59","guid":{"rendered":"https:\/\/www.viel-plastiques.fr\/?p=1516"},"modified":"2025-05-16T09:50:45","modified_gmt":"2025-05-16T07:50:45","slug":"a-day-at-banque-de-france-in-paris-2","status":"publish","type":"post","link":"https:\/\/www.viel-plastiques.fr\/en\/a-day-at-banque-de-france-in-paris-2\/","title":{"rendered":"A DAY AT BANQUE DE FRANCE IN PARIS"},"content":{"rendered":"\n<p>Val\u00e9rie Poisat, Managing Director of <strong>VIEL Plastiques Internationales<\/strong> and a member of the<strong> Femmes Chefs d&#8217;Entreprises (FCE) <\/strong>association, took part in a presentation of the results of the 2024 barometer of female entrepreneurship organized by <strong>the Banque de France<\/strong> in Paris.\u00a0\ud83e\udd42<\/p>\n\n\n\n<figure class=\"wp-block-gallery has-nested-images columns-default is-cropped wp-block-gallery-1 is-layout-flex wp-block-gallery-is-layout-flex\">\n<figure class=\"wp-block-image size-large\"><img decoding=\"async\" width=\"1024\" height=\"768\" data-id=\"1466\" src=\"https:\/\/www.viel-plastiques.fr\/wp-content\/uploads\/\/Vielsite1-1024x768.jpeg\" alt=\"\" class=\"wp-image-1466\" srcset=\"https:\/\/www.viel-plastiques.fr\/wp-content\/uploads\/Vielsite1-1024x768.jpeg 1024w, https:\/\/www.viel-plastiques.fr\/wp-content\/uploads\/Vielsite1-300x225.jpeg 300w, https:\/\/www.viel-plastiques.fr\/wp-content\/uploads\/Vielsite1-768x576.jpeg 768w, https:\/\/www.viel-plastiques.fr\/wp-content\/uploads\/Vielsite1-1536x1152.jpeg 1536w, https:\/\/www.viel-plastiques.fr\/wp-content\/uploads\/Vielsite1.jpeg 1600w\" sizes=\"(max-width: 1024px) 100vw, 1024px\" \/><\/figure>\n\n\n\n<figure class=\"wp-block-image size-large\"><img decoding=\"async\" width=\"1024\" height=\"576\" data-id=\"1463\" src=\"https:\/\/www.viel-plastiques.fr\/wp-content\/uploads\/\/Vielsite2-1024x576.jpeg\" alt=\"\" class=\"wp-image-1463\" srcset=\"https:\/\/www.viel-plastiques.fr\/wp-content\/uploads\/Vielsite2-1024x576.jpeg 1024w, https:\/\/www.viel-plastiques.fr\/wp-content\/uploads\/Vielsite2-300x169.jpeg 300w, https:\/\/www.viel-plastiques.fr\/wp-content\/uploads\/Vielsite2-768x432.jpeg 768w, https:\/\/www.viel-plastiques.fr\/wp-content\/uploads\/Vielsite2-1536x864.jpeg 1536w, https:\/\/www.viel-plastiques.fr\/wp-content\/uploads\/Vielsite2.jpeg 1600w\" sizes=\"(max-width: 1024px) 100vw, 1024px\" \/><\/figure>\n<\/figure>\n\n\n\n<p>Many inspiring speakers were on hand, including Kathie Werquin-Wattebled , Anouk D\u00e9qu\u00e9, Nicoletta Berardi, Benjamin Bureau and Jean-Fran\u00e7ois Doucede (Vice-President of Infogreffe) .\u2728\ud83e\udd1d<\/p>\n\n\n\n<p>An opportunity to get together and exchange views on <strong>the current challenges facing women in creating and developing their businesses. <\/strong>\ud83d\ude80<\/p>\n","protected":false},"excerpt":{"rendered":"<p>Val\u00e9rie Poisat, Managing Director of VIEL Plastiques Internationales and a [&hellip;]<\/p>\n","protected":false},"author":2,"featured_media":1466,"comment_status":"closed","ping_status":"closed","sticky":false,"template":"","format":"standard","meta":{"_acf_changed":false,"footnotes":""},"categories":[1],"tags":[],"class_list":["post-1516","post","type-post","status-publish","format-standard","has-post-thumbnail","hentry","category-non-classifiee"],"acf":[],"aioseo_notices":[],"_links":{"self":[{"href":"https:\/\/www.viel-plastiques.fr\/en\/wp-json\/wp\/v2\/posts\/1516","targetHints":{"allow":["GET"]}}],"collection":[{"href":"https:\/\/www.viel-plastiques.fr\/en\/wp-json\/wp\/v2\/posts"}],"about":[{"href":"https:\/\/www.viel-plastiques.fr\/en\/wp-json\/wp\/v2\/types\/post"}],"author":[{"embeddable":true,"href":"https:\/\/www.viel-plastiques.fr\/en\/wp-json\/wp\/v2\/users\/2"}],"replies":[{"embeddable":true,"href":"https:\/\/www.viel-plastiques.fr\/en\/wp-json\/wp\/v2\/comments?post=1516"}],"version-history":[{"count":1,"href":"https:\/\/www.viel-plastiques.fr\/en\/wp-json\/wp\/v2\/posts\/1516\/revisions"}],"predecessor-version":[{"id":1517,"href":"https:\/\/www.viel-plastiques.fr\/en\/wp-json\/wp\/v2\/posts\/1516\/revisions\/1517"}],"wp:featuredmedia":[{"embeddable":true,"href":"https:\/\/www.viel-plastiques.fr\/en\/wp-json\/wp\/v2\/media\/1466"}],"wp:attachment":[{"href":"https:\/\/www.viel-plastiques.fr\/en\/wp-json\/wp\/v2\/media?parent=1516"}],"wp:term":[{"taxonomy":"category","embeddable":true,"href":"https:\/\/www.viel-plastiques.fr\/en\/wp-json\/wp\/v2\/categories?post=1516"},{"taxonomy":"post_tag","embeddable":true,"href":"https:\/\/www.viel-plastiques.fr\/en\/wp-json\/wp\/v2\/tags?post=1516"}],"curies":[{"name":"wp","href":"https:\/\/api.w.org\/{rel}","templated":true}]}}