{"id":1326,"date":"2023-10-19T17:24:40","date_gmt":"2023-10-19T15:24:40","guid":{"rendered":"https:\/\/www.viel-plastiques.fr\/?p=1326"},"modified":"2024-05-28T16:34:08","modified_gmt":"2024-05-28T14:34:08","slug":"noche-de-la-fce-sobre-transmisiones-de-empresas","status":"publish","type":"post","link":"https:\/\/www.viel-plastiques.fr\/es\/noche-de-la-fce-sobre-transmisiones-de-empresas\/","title":{"rendered":"NOCHE DE LA FCE SOBRE TRANSMISIONES DE EMPRESAS"},"content":{"rendered":"\n<p>\ud83d\udce2 \u00a1Que hermosa tarde! \ud83e\udd42<\/p>\n\n\n\n<p>El 12 de octubre, la <a href=\"https:\/\/www.linkedin.com\/in\/fce-ain-27bb28187\/\" target=\"_blank\" rel=\"noopener\" title=\"FCE AIN\">FCE AIN<\/a> organiz\u00f3 una velada sobre el tema TRANSMITIR: RETOS Y PASI\u00d3N \ud83e\udd1d\ud83c\udffb<\/p>\n\n\n\n<p>Val\u00e9rie POISAT, Directora General de <a href=\"https:\/\/www.linkedin.com\/company\/viel-plastiques-international\/\" target=\"_blank\" rel=\"noopener\" title=\"VIEL PLASTIQUES INTERNATIONAL\">VIEL PLASTIQUES INTERNATIONAL<\/a>, tuvo el placer de participar, en calidad de miembro, en la apasionante mesa redonda, rica en intercambios y reflexiones sobre la transmisi\u00f3n de las empresas, en compa\u00f1\u00eda de otros FCE. \ud83c\udfa4<\/p>\n\n\n\n<figure class=\"wp-block-image size-large is-resized\"><img decoding=\"async\" width=\"1024\" height=\"461\" src=\"https:\/\/www.viel-plastiques.fr\/wp-content\/uploads\/\/cbdbd98f-6971-4036-a175-f5642755b36c-1-1024x461.jpg\" alt=\"\" class=\"wp-image-1227\" style=\"aspect-ratio:2.2212581344902387;width:693px;height:auto\" srcset=\"https:\/\/www.viel-plastiques.fr\/wp-content\/uploads\/cbdbd98f-6971-4036-a175-f5642755b36c-1-1024x461.jpg 1024w, https:\/\/www.viel-plastiques.fr\/wp-content\/uploads\/cbdbd98f-6971-4036-a175-f5642755b36c-1-300x135.jpg 300w, https:\/\/www.viel-plastiques.fr\/wp-content\/uploads\/cbdbd98f-6971-4036-a175-f5642755b36c-1-768x346.jpg 768w, https:\/\/www.viel-plastiques.fr\/wp-content\/uploads\/cbdbd98f-6971-4036-a175-f5642755b36c-1-1536x692.jpg 1536w, https:\/\/www.viel-plastiques.fr\/wp-content\/uploads\/cbdbd98f-6971-4036-a175-f5642755b36c-1.jpg 1600w\" sizes=\"(max-width: 1024px) 100vw, 1024px\" \/><\/figure>\n\n\n\n<figure class=\"wp-block-image size-full\"><img decoding=\"async\" width=\"1024\" height=\"576\" src=\"https:\/\/www.viel-plastiques.fr\/wp-content\/uploads\/b2abfde4-0698-4a18-a520-290243778720.jpg\" alt=\"\" class=\"wp-image-1233\" srcset=\"https:\/\/www.viel-plastiques.fr\/wp-content\/uploads\/b2abfde4-0698-4a18-a520-290243778720.jpg 1024w, https:\/\/www.viel-plastiques.fr\/wp-content\/uploads\/b2abfde4-0698-4a18-a520-290243778720-300x169.jpg 300w, https:\/\/www.viel-plastiques.fr\/wp-content\/uploads\/b2abfde4-0698-4a18-a520-290243778720-768x432.jpg 768w\" sizes=\"(max-width: 1024px) 100vw, 1024px\" \/><\/figure>\n","protected":false},"excerpt":{"rendered":"<p>\ud83d\udce2 \u00a1Que hermosa tarde! \ud83e\udd42 El 12 de octubre, la [&hellip;]<\/p>\n","protected":false},"author":2,"featured_media":1212,"comment_status":"closed","ping_status":"closed","sticky":false,"template":"","format":"standard","meta":{"_acf_changed":false,"footnotes":""},"categories":[9],"tags":[],"class_list":["post-1326","post","type-post","status-publish","format-standard","has-post-thumbnail","hentry","category-sin-categorizar"],"acf":[],"aioseo_notices":[],"_links":{"self":[{"href":"https:\/\/www.viel-plastiques.fr\/es\/wp-json\/wp\/v2\/posts\/1326","targetHints":{"allow":["GET"]}}],"collection":[{"href":"https:\/\/www.viel-plastiques.fr\/es\/wp-json\/wp\/v2\/posts"}],"about":[{"href":"https:\/\/www.viel-plastiques.fr\/es\/wp-json\/wp\/v2\/types\/post"}],"author":[{"embeddable":true,"href":"https:\/\/www.viel-plastiques.fr\/es\/wp-json\/wp\/v2\/users\/2"}],"replies":[{"embeddable":true,"href":"https:\/\/www.viel-plastiques.fr\/es\/wp-json\/wp\/v2\/comments?post=1326"}],"version-history":[{"count":2,"href":"https:\/\/www.viel-plastiques.fr\/es\/wp-json\/wp\/v2\/posts\/1326\/revisions"}],"predecessor-version":[{"id":1349,"href":"https:\/\/www.viel-plastiques.fr\/es\/wp-json\/wp\/v2\/posts\/1326\/revisions\/1349"}],"wp:featuredmedia":[{"embeddable":true,"href":"https:\/\/www.viel-plastiques.fr\/es\/wp-json\/wp\/v2\/media\/1212"}],"wp:attachment":[{"href":"https:\/\/www.viel-plastiques.fr\/es\/wp-json\/wp\/v2\/media?parent=1326"}],"wp:term":[{"taxonomy":"category","embeddable":true,"href":"https:\/\/www.viel-plastiques.fr\/es\/wp-json\/wp\/v2\/categories?post=1326"},{"taxonomy":"post_tag","embeddable":true,"href":"https:\/\/www.viel-plastiques.fr\/es\/wp-json\/wp\/v2\/tags?post=1326"}],"curies":[{"name":"wp","href":"https:\/\/api.w.org\/{rel}","templated":true}]}}