{"id":1329,"date":"2023-08-30T15:44:35","date_gmt":"2023-08-30T13:44:35","guid":{"rendered":"https:\/\/www.viel-plastiques.fr\/?p=1329"},"modified":"2024-05-24T09:56:57","modified_gmt":"2024-05-24T07:56:57","slug":"valerie-poisat-directora-general-nombrada-consejera-de-comercio-exterior-de-francia","status":"publish","type":"post","link":"https:\/\/www.viel-plastiques.fr\/es\/valerie-poisat-directora-general-nombrada-consejera-de-comercio-exterior-de-francia\/","title":{"rendered":"VALERIE POISAT, DIRECTORA GENERAL, NOMBRADA CONSEJERA DE COMERCIO EXTERIOR DE FRANCIA"},"content":{"rendered":"\n<p><a href=\"https:\/\/www.linkedin.com\/in\/val%C3%A9rie-poisat-951494221\/\" target=\"_blank\" rel=\"noopener\" title=\"Val\u00e9rie POISAT\">Val\u00e9rie POISAT<\/a>, Directora General de <a href=\"https:\/\/www.linkedin.com\/company\/viel-plastiques-international\/\" target=\"_blank\" rel=\"noopener\" title=\"VIEL PLASTIQUES INTERNATIONAL\">VIEL PLASTIQUES INTERNATIONAL<\/a>, ha sido nombrada <a href=\"https:\/\/www.linkedin.com\/company\/comit-national-des-conseillers-du-commerce-ext-rieur-de-la-france\/\" target=\"_blank\" rel=\"noopener\" title=\"Consejera francesa de Comercio Exterior \">Consejera francesa de Comercio Exterior <\/a>del Comit\u00e9 Regional Auvernia-R\u00f3dano-Alpes, compuesto por 4.500 empresarios y profesionales internacionales, por decreto de 26 de julio de 2023 publicado en el Journal Officiel de 1 de agosto de 2023.<\/p>\n\n\n\n<p>Entre las 4 misiones principales del comit\u00e9 CCE de la regi\u00f3n, la formaci\u00f3n de los j\u00f3venes en el extranjero ser\u00e1 un tema en el que se centrar\u00e1 gracias a las distintas experiencias y colaboraciones VIE (Volontariat International en Entreprise), a trav\u00e9s de las cuales VIEL PLASTIQUES INTERNATIONAL lleva muchos a\u00f1os animando a los j\u00f3venes en su desarrollo internacional con vistas a la formaci\u00f3n y la promoci\u00f3n de Francia.<\/p>\n\n\n\n<figure class=\"wp-block-image size-full\"><img decoding=\"async\" width=\"687\" height=\"467\" src=\"https:\/\/www.viel-plastiques.fr\/wp-content\/uploads\/Capture-decran-2023-09-14-113802.jpg\" alt=\"\" class=\"wp-image-1187\" srcset=\"https:\/\/www.viel-plastiques.fr\/wp-content\/uploads\/Capture-decran-2023-09-14-113802.jpg 687w, https:\/\/www.viel-plastiques.fr\/wp-content\/uploads\/Capture-decran-2023-09-14-113802-300x204.jpg 300w\" sizes=\"(max-width: 687px) 100vw, 687px\" \/><\/figure>\n","protected":false},"excerpt":{"rendered":"<p>Val\u00e9rie POISAT, Directora General de VIEL PLASTIQUES INTERNATIONAL, ha sido [&hellip;]<\/p>\n","protected":false},"author":2,"featured_media":1181,"comment_status":"closed","ping_status":"closed","sticky":false,"template":"","format":"standard","meta":{"_acf_changed":false,"footnotes":""},"categories":[9],"tags":[],"class_list":["post-1329","post","type-post","status-publish","format-standard","has-post-thumbnail","hentry","category-sin-categorizar"],"acf":[],"aioseo_notices":[],"_links":{"self":[{"href":"https:\/\/www.viel-plastiques.fr\/es\/wp-json\/wp\/v2\/posts\/1329","targetHints":{"allow":["GET"]}}],"collection":[{"href":"https:\/\/www.viel-plastiques.fr\/es\/wp-json\/wp\/v2\/posts"}],"about":[{"href":"https:\/\/www.viel-plastiques.fr\/es\/wp-json\/wp\/v2\/types\/post"}],"author":[{"embeddable":true,"href":"https:\/\/www.viel-plastiques.fr\/es\/wp-json\/wp\/v2\/users\/2"}],"replies":[{"embeddable":true,"href":"https:\/\/www.viel-plastiques.fr\/es\/wp-json\/wp\/v2\/comments?post=1329"}],"version-history":[{"count":2,"href":"https:\/\/www.viel-plastiques.fr\/es\/wp-json\/wp\/v2\/posts\/1329\/revisions"}],"predecessor-version":[{"id":1333,"href":"https:\/\/www.viel-plastiques.fr\/es\/wp-json\/wp\/v2\/posts\/1329\/revisions\/1333"}],"wp:featuredmedia":[{"embeddable":true,"href":"https:\/\/www.viel-plastiques.fr\/es\/wp-json\/wp\/v2\/media\/1181"}],"wp:attachment":[{"href":"https:\/\/www.viel-plastiques.fr\/es\/wp-json\/wp\/v2\/media?parent=1329"}],"wp:term":[{"taxonomy":"category","embeddable":true,"href":"https:\/\/www.viel-plastiques.fr\/es\/wp-json\/wp\/v2\/categories?post=1329"},{"taxonomy":"post_tag","embeddable":true,"href":"https:\/\/www.viel-plastiques.fr\/es\/wp-json\/wp\/v2\/tags?post=1329"}],"curies":[{"name":"wp","href":"https:\/\/api.w.org\/{rel}","templated":true}]}}