{"id":1337,"date":"2023-06-20T18:14:11","date_gmt":"2023-06-20T16:14:11","guid":{"rendered":"https:\/\/www.viel-plastiques.fr\/?p=1337"},"modified":"2024-05-24T11:10:56","modified_gmt":"2024-05-24T09:10:56","slug":"trabajar-con-jovenes-v-i-e-s","status":"publish","type":"post","link":"https:\/\/www.viel-plastiques.fr\/es\/trabajar-con-jovenes-v-i-e-s\/","title":{"rendered":"TRABAJAR CON J\u00d3VENES V.I.E.S."},"content":{"rendered":"\n<p><strong>Trabajar con j\u00f3venes licenciados es una gran iniciativa !<\/strong><\/p>\n\n\n\n<p>El programa<strong> <a href=\"https:\/\/mon-vie-via.businessfrance.fr\/\" target=\"_blank\" rel=\"noopener\" title=\"Business France V.I.E - Espace Entreprises\">Business France V.I.E &#8211; Espace Entreprises<\/a><\/strong> es un proyecto profesional y humano entre un joven diplomado y una empresa con un punto en com\u00fan: <strong>l&#8217; internacional.<\/strong><\/p>\n\n\n\n<p>El objetivo de ambos es <strong>conquistar un pa\u00eds extranjero y salir ganando.<\/strong><\/p>\n\n\n\n<p>Este programa ofrece desarrollo para ambas partes.<\/p>\n\n\n\n<p>El joven V.I.E iniciar\u00e1 y\/o ampliar\u00e1 su carrera profesional en el extranjero para una empresa francesa que desea introducirse en un mercado extranjero.<\/p>\n\n\n\n<p>Es natural que Viel Plastiques International participe en esta iniciativa desde hace algunos a\u00f1os, empezando por Sudam\u00e9rica, no s\u00f3lo como parte de su estrategia de desarrollo internacional, sino tambi\u00e9n como una forma de <strong>apoyar<\/strong> a los j\u00f3venes licenciados que emprenden su carrera en el extranjero.<\/p>\n\n\n\n<p>En la actualidad, nuestros dos V.I.E en Europa, Arnaud Guinamant, con sede en \u00c1msterdam (Pa\u00edses Bajos) desde noviembre de 2021, e Imane AIT RAMI, con sede en Tur\u00edn (Italia) desde marzo de 2022, se encargan del<strong> desarrollo comercial<\/strong> y de la comunicaci\u00f3n tanto en Europa como en Asia y Am\u00e9rica. Su dinamismo, su frescura y su inter\u00e9s por nuestros sistemas de apertura <strong>innovadores<\/strong>, <strong>OpenTip<\/strong> y <strong>Tear&amp;Tip<\/strong>, insuflar\u00e1n nueva vida a la empresa familiar Viel Plastiques International y confirmar\u00e1n el valor del programa V.I.E.<\/p>\n\n\n\n<p>Adem\u00e1s, tuvimos el placer de recibir el premio VIE por tiempo y costos compartidos del dispositivo AURA (Auvergne-Rh\u00f4ne-Alpes Entreprises) en 2022, un contrato que permite a un VIE trabajar para dos empresas de la regi\u00f3n a tiempo compartido<\/p>\n\n\n\n<p><a href=\"https:\/\/www.youtube.com\/watch?v=xWUjnU2wJRE\" target=\"_blank\" rel=\"noopener\" title=\"Descubrir la entrevista a Daniel Viel y Val\u00e9rie Poisat sobre el V.I.E. y, en particular, de las E.V.I. de tiempo y costes compartidos.\">Descubrir la entrevista a Daniel Viel y Val\u00e9rie Poisat sobre el V.I.E. y, en particular, de las E.V.I. de tiempo y costes compartidos.<\/a><\/p>\n","protected":false},"excerpt":{"rendered":"<p>Trabajar con j\u00f3venes licenciados es una gran iniciativa ! El [&hellip;]<\/p>\n","protected":false},"author":2,"featured_media":1105,"comment_status":"closed","ping_status":"closed","sticky":false,"template":"","format":"standard","meta":{"_acf_changed":false,"footnotes":""},"categories":[9],"tags":[],"class_list":["post-1337","post","type-post","status-publish","format-standard","has-post-thumbnail","hentry","category-sin-categorizar"],"acf":[],"aioseo_notices":[],"_links":{"self":[{"href":"https:\/\/www.viel-plastiques.fr\/es\/wp-json\/wp\/v2\/posts\/1337","targetHints":{"allow":["GET"]}}],"collection":[{"href":"https:\/\/www.viel-plastiques.fr\/es\/wp-json\/wp\/v2\/posts"}],"about":[{"href":"https:\/\/www.viel-plastiques.fr\/es\/wp-json\/wp\/v2\/types\/post"}],"author":[{"embeddable":true,"href":"https:\/\/www.viel-plastiques.fr\/es\/wp-json\/wp\/v2\/users\/2"}],"replies":[{"embeddable":true,"href":"https:\/\/www.viel-plastiques.fr\/es\/wp-json\/wp\/v2\/comments?post=1337"}],"version-history":[{"count":1,"href":"https:\/\/www.viel-plastiques.fr\/es\/wp-json\/wp\/v2\/posts\/1337\/revisions"}],"predecessor-version":[{"id":1340,"href":"https:\/\/www.viel-plastiques.fr\/es\/wp-json\/wp\/v2\/posts\/1337\/revisions\/1340"}],"wp:featuredmedia":[{"embeddable":true,"href":"https:\/\/www.viel-plastiques.fr\/es\/wp-json\/wp\/v2\/media\/1105"}],"wp:attachment":[{"href":"https:\/\/www.viel-plastiques.fr\/es\/wp-json\/wp\/v2\/media?parent=1337"}],"wp:term":[{"taxonomy":"category","embeddable":true,"href":"https:\/\/www.viel-plastiques.fr\/es\/wp-json\/wp\/v2\/categories?post=1337"},{"taxonomy":"post_tag","embeddable":true,"href":"https:\/\/www.viel-plastiques.fr\/es\/wp-json\/wp\/v2\/tags?post=1337"}],"curies":[{"name":"wp","href":"https:\/\/api.w.org\/{rel}","templated":true}]}}