{"id":1353,"date":"2023-05-23T17:58:16","date_gmt":"2023-05-23T15:58:16","guid":{"rendered":"https:\/\/www.viel-plastiques.fr\/?p=1353"},"modified":"2024-05-29T10:14:50","modified_gmt":"2024-05-29T08:14:50","slug":"gala-de-los-asesores-de-comercio-exterior-de-auvernia-rodano-alpes","status":"publish","type":"post","link":"https:\/\/www.viel-plastiques.fr\/es\/gala-de-los-asesores-de-comercio-exterior-de-auvernia-rodano-alpes\/","title":{"rendered":"Gala de los Asesores de Comercio Exterior de Auvernia-R\u00f3dano-Alpes"},"content":{"rendered":"\n<p>Nuestra directora general de VIEL PLASTIQUES International, Val\u00e9rie POISAT, tuvo el honor de ser \u00a0<a href=\"https:\/\/www.linkedin.com\/posts\/val%C3%A9rie-poisat-951494221_gala-softpower-madeinfrance-activity-7064226859676229632-DBtY?utm_source=share&amp;utm_medium=member_desktop\" target=\"_blank\" rel=\"noopener\" title=\"\">invitada a la gala<\/a>\u00a0de los Consejeros del comercio exterior de la r\u00e9gion Auvergne-Rh\u00f4nes-Alpes.<\/p>\n\n\n\n<p>Una velada maravillosa sobre el tema \u201cSoft Power \u00e0 la fran\u00e7aise\u201d que cont\u00f3 con 400 invitados, animada por ponentes de primer nivel en el \u00e1mbito del deporte con David Douillet, judoca franc\u00e9s y campe\u00f3n ol\u00edmpico, la gastronom\u00eda y el arte de la mesa francesa con Davy. Tissot, chef, meilleur ouvrier de France 2004 as\u00ed como Bocuse d&#8217;or 2021, y Olivier Passot, director de REVOL Porcelaine artesanos franceses desde hace m\u00e1s de 200 a\u00f1os, y finalmente La importancia y el arte de la guerra con el cuerpo de ej\u00e9rcito general, Gilles Darricau.<\/p>\n\n\n\n<p>La velada se cerr\u00f3 con una impresionante actuaci\u00f3n de mentalismo de Anca y Lucca.<\/p>\n\n\n\n<p>Este evento muestra el saber hacer y el arte franc\u00e9s en todas sus formas, adem\u00e1s de poner de relieve nuestra hermosa regi\u00f3n de Auvernia-R\u00f3dano-Alpes, rica en empresas de diversos sectores.<\/p>\n\n\n\n<figure class=\"wp-block-gallery has-nested-images columns-default is-cropped wp-block-gallery-1 is-layout-flex wp-block-gallery-is-layout-flex\">\n<figure class=\"wp-block-image\"><img decoding=\"async\" width=\"1707\" height=\"1280\" data-id=\"1085\" src=\"https:\/\/www.viel-plastiques.fr\/wp-content\/uploads\/1684171837975-3.png\" alt=\"\" class=\"wp-image-1085\" srcset=\"https:\/\/www.viel-plastiques.fr\/wp-content\/uploads\/1684171837975-3.png 1707w, https:\/\/www.viel-plastiques.fr\/wp-content\/uploads\/1684171837975-3-300x225.png 300w, https:\/\/www.viel-plastiques.fr\/wp-content\/uploads\/1684171837975-3-1024x768.png 1024w, https:\/\/www.viel-plastiques.fr\/wp-content\/uploads\/1684171837975-3-768x576.png 768w, https:\/\/www.viel-plastiques.fr\/wp-content\/uploads\/1684171837975-3-1536x1152.png 1536w\" sizes=\"(max-width: 1707px) 100vw, 1707px\" \/><\/figure>\n\n\n\n<figure class=\"wp-block-image\"><img decoding=\"async\" width=\"1478\" height=\"1108\" data-id=\"1091\" src=\"https:\/\/www.viel-plastiques.fr\/wp-content\/uploads\/1684242927585-2.png\" alt=\"\" class=\"wp-image-1091\" srcset=\"https:\/\/www.viel-plastiques.fr\/wp-content\/uploads\/1684242927585-2.png 1478w, https:\/\/www.viel-plastiques.fr\/wp-content\/uploads\/1684242927585-2-300x225.png 300w, https:\/\/www.viel-plastiques.fr\/wp-content\/uploads\/1684242927585-2-1024x768.png 1024w, https:\/\/www.viel-plastiques.fr\/wp-content\/uploads\/1684242927585-2-768x576.png 768w\" sizes=\"(max-width: 1478px) 100vw, 1478px\" \/><\/figure>\n\n\n\n<figure class=\"wp-block-image\"><img decoding=\"async\" width=\"1478\" height=\"1108\" data-id=\"1097\" src=\"https:\/\/www.viel-plastiques.fr\/wp-content\/uploads\/1684242929448-1-1.png\" alt=\"\" class=\"wp-image-1097\" srcset=\"https:\/\/www.viel-plastiques.fr\/wp-content\/uploads\/1684242929448-1-1.png 1478w, https:\/\/www.viel-plastiques.fr\/wp-content\/uploads\/1684242929448-1-1-300x225.png 300w, https:\/\/www.viel-plastiques.fr\/wp-content\/uploads\/1684242929448-1-1-1024x768.png 1024w, https:\/\/www.viel-plastiques.fr\/wp-content\/uploads\/1684242929448-1-1-768x576.png 768w\" sizes=\"(max-width: 1478px) 100vw, 1478px\" \/><\/figure>\n<\/figure>\n\n\n\n<figure class=\"wp-block-gallery has-nested-images columns-default is-cropped wp-block-gallery-2 is-layout-flex wp-block-gallery-is-layout-flex\">\n<figure class=\"wp-block-image\"><img decoding=\"async\" width=\"1707\" height=\"1280\" data-id=\"1088\" src=\"https:\/\/www.viel-plastiques.fr\/wp-content\/uploads\/1684171837949-2.png\" alt=\"\" class=\"wp-image-1088\" srcset=\"https:\/\/www.viel-plastiques.fr\/wp-content\/uploads\/1684171837949-2.png 1707w, https:\/\/www.viel-plastiques.fr\/wp-content\/uploads\/1684171837949-2-300x225.png 300w, https:\/\/www.viel-plastiques.fr\/wp-content\/uploads\/1684171837949-2-1024x768.png 1024w, https:\/\/www.viel-plastiques.fr\/wp-content\/uploads\/1684171837949-2-768x576.png 768w, https:\/\/www.viel-plastiques.fr\/wp-content\/uploads\/1684171837949-2-1536x1152.png 1536w\" sizes=\"(max-width: 1707px) 100vw, 1707px\" \/><\/figure>\n<\/figure>\n","protected":false},"excerpt":{"rendered":"<p>Nuestra directora general de VIEL PLASTIQUES International, Val\u00e9rie POISAT, tuvo [&hellip;]<\/p>\n","protected":false},"author":2,"featured_media":1179,"comment_status":"closed","ping_status":"closed","sticky":false,"template":"","format":"standard","meta":{"_acf_changed":false,"footnotes":""},"categories":[9],"tags":[],"class_list":["post-1353","post","type-post","status-publish","format-standard","has-post-thumbnail","hentry","category-sin-categorizar"],"acf":[],"aioseo_notices":[],"_links":{"self":[{"href":"https:\/\/www.viel-plastiques.fr\/es\/wp-json\/wp\/v2\/posts\/1353","targetHints":{"allow":["GET"]}}],"collection":[{"href":"https:\/\/www.viel-plastiques.fr\/es\/wp-json\/wp\/v2\/posts"}],"about":[{"href":"https:\/\/www.viel-plastiques.fr\/es\/wp-json\/wp\/v2\/types\/post"}],"author":[{"embeddable":true,"href":"https:\/\/www.viel-plastiques.fr\/es\/wp-json\/wp\/v2\/users\/2"}],"replies":[{"embeddable":true,"href":"https:\/\/www.viel-plastiques.fr\/es\/wp-json\/wp\/v2\/comments?post=1353"}],"version-history":[{"count":1,"href":"https:\/\/www.viel-plastiques.fr\/es\/wp-json\/wp\/v2\/posts\/1353\/revisions"}],"predecessor-version":[{"id":1354,"href":"https:\/\/www.viel-plastiques.fr\/es\/wp-json\/wp\/v2\/posts\/1353\/revisions\/1354"}],"wp:featuredmedia":[{"embeddable":true,"href":"https:\/\/www.viel-plastiques.fr\/es\/wp-json\/wp\/v2\/media\/1179"}],"wp:attachment":[{"href":"https:\/\/www.viel-plastiques.fr\/es\/wp-json\/wp\/v2\/media?parent=1353"}],"wp:term":[{"taxonomy":"category","embeddable":true,"href":"https:\/\/www.viel-plastiques.fr\/es\/wp-json\/wp\/v2\/categories?post=1353"},{"taxonomy":"post_tag","embeddable":true,"href":"https:\/\/www.viel-plastiques.fr\/es\/wp-json\/wp\/v2\/tags?post=1353"}],"curies":[{"name":"wp","href":"https:\/\/api.w.org\/{rel}","templated":true}]}}