{"id":1449,"date":"2024-09-09T19:20:19","date_gmt":"2024-09-09T17:20:19","guid":{"rendered":"https:\/\/www.viel-plastiques.fr\/?p=1449"},"modified":"2025-03-13T16:20:58","modified_gmt":"2025-03-13T15:20:58","slug":"velada-club-excellence-bpi","status":"publish","type":"post","link":"https:\/\/www.viel-plastiques.fr\/es\/velada-club-excellence-bpi\/","title":{"rendered":"VELADA CLUB EXCELLENCE BPI"},"content":{"rendered":"\n<p>El 3 de septiembre de 2024, Val\u00e9rie Poisat, Directora General de VIEL Plastiques International y miembro del<strong> BPI Excellence Club<\/strong>, particip\u00f3 en una velada para los miembros de la regi\u00f3n. Fue una oportunidad para reunirse e intercambiar ideas en beneficio de todas nuestras empresas.<\/p>\n\n\n\n<figure class=\"wp-block-gallery has-nested-images columns-default is-cropped wp-block-gallery-1 is-layout-flex wp-block-gallery-is-layout-flex\">\n<figure class=\"wp-block-image\"><img decoding=\"async\" width=\"1512\" height=\"1134\" data-id=\"1436\" src=\"https:\/\/www.viel-plastiques.fr\/wp-content\/uploads\/1725893017424-1.jpg\" alt=\"\" class=\"wp-image-1436\" srcset=\"https:\/\/www.viel-plastiques.fr\/wp-content\/uploads\/1725893017424-1.jpg 1512w, https:\/\/www.viel-plastiques.fr\/wp-content\/uploads\/1725893017424-1-300x225.jpg 300w, https:\/\/www.viel-plastiques.fr\/wp-content\/uploads\/1725893017424-1-1024x768.jpg 1024w, https:\/\/www.viel-plastiques.fr\/wp-content\/uploads\/1725893017424-1-768x576.jpg 768w\" sizes=\"(max-width: 1512px) 100vw, 1512px\" \/><\/figure>\n\n\n\n<figure class=\"wp-block-image\"><img decoding=\"async\" width=\"1134\" height=\"1512\" data-id=\"1433\" src=\"https:\/\/www.viel-plastiques.fr\/wp-content\/uploads\/1725893017271.jpg\" alt=\"\" class=\"wp-image-1433\" srcset=\"https:\/\/www.viel-plastiques.fr\/wp-content\/uploads\/1725893017271.jpg 1134w, https:\/\/www.viel-plastiques.fr\/wp-content\/uploads\/1725893017271-225x300.jpg 225w, https:\/\/www.viel-plastiques.fr\/wp-content\/uploads\/1725893017271-768x1024.jpg 768w\" sizes=\"(max-width: 1134px) 100vw, 1134px\" \/><\/figure>\n\n\n\n<figure class=\"wp-block-image\"><img decoding=\"async\" width=\"1134\" height=\"1512\" data-id=\"1429\" src=\"https:\/\/www.viel-plastiques.fr\/wp-content\/uploads\/1725893017284.jpg\" alt=\"\" class=\"wp-image-1429\" srcset=\"https:\/\/www.viel-plastiques.fr\/wp-content\/uploads\/1725893017284.jpg 1134w, https:\/\/www.viel-plastiques.fr\/wp-content\/uploads\/1725893017284-225x300.jpg 225w, https:\/\/www.viel-plastiques.fr\/wp-content\/uploads\/1725893017284-768x1024.jpg 768w\" sizes=\"(max-width: 1134px) 100vw, 1134px\" \/><\/figure>\n<\/figure>\n\n\n\n<p>\u00abLe Club Excellence\u00bb en la delegaci\u00f3n regional de Bourg-en-Bresse. \ud83e\udd1d\ud83c\udffb\u2728<\/p>\n\n\n\n<p>El pasado martes, fuimos acogidos en un lugar emblem\u00e1tico: la brasserie Le Fran\u00e7ais. Asistimos a una sesi\u00f3n amistosa sobre el tema \u00ab<strong>Las claves para convencer<\/strong>\u00bb, animada por <a href=\"https:\/\/www.linkedin.com\/in\/pascal-le-guern-337526155\/\">Pascal Le Guern<\/a>, \u00a1todo ello en torno a una magn\u00edfica cena!<\/p>\n\n\n\n<p>Brindo por las grandes oportunidades y encuentros como miembro del BPI Excellence. \ud83e\udd42<\/p>\n\n\n\n<p>&nbsp;<a href=\"https:\/\/www.linkedin.com\/posts\/activity-7238919992476389376-RKsv?utm_source=share&amp;utm_medium=member_desktop\" target=\"_blank\" rel=\"noreferrer noopener\">Val\u00e9rie Poisat en LinkedIn<\/a><\/p>\n\n\n\n<p><\/p>\n","protected":false},"excerpt":{"rendered":"<p>El 3 de septiembre de 2024, Val\u00e9rie Poisat, Directora General [&hellip;]<\/p>\n","protected":false},"author":2,"featured_media":1438,"comment_status":"closed","ping_status":"closed","sticky":false,"template":"","format":"standard","meta":{"_acf_changed":false,"footnotes":""},"categories":[9],"tags":[],"class_list":["post-1449","post","type-post","status-publish","format-standard","has-post-thumbnail","hentry","category-sin-categorizar"],"acf":[],"aioseo_notices":[],"_links":{"self":[{"href":"https:\/\/www.viel-plastiques.fr\/es\/wp-json\/wp\/v2\/posts\/1449","targetHints":{"allow":["GET"]}}],"collection":[{"href":"https:\/\/www.viel-plastiques.fr\/es\/wp-json\/wp\/v2\/posts"}],"about":[{"href":"https:\/\/www.viel-plastiques.fr\/es\/wp-json\/wp\/v2\/types\/post"}],"author":[{"embeddable":true,"href":"https:\/\/www.viel-plastiques.fr\/es\/wp-json\/wp\/v2\/users\/2"}],"replies":[{"embeddable":true,"href":"https:\/\/www.viel-plastiques.fr\/es\/wp-json\/wp\/v2\/comments?post=1449"}],"version-history":[{"count":3,"href":"https:\/\/www.viel-plastiques.fr\/es\/wp-json\/wp\/v2\/posts\/1449\/revisions"}],"predecessor-version":[{"id":1461,"href":"https:\/\/www.viel-plastiques.fr\/es\/wp-json\/wp\/v2\/posts\/1449\/revisions\/1461"}],"wp:featuredmedia":[{"embeddable":true,"href":"https:\/\/www.viel-plastiques.fr\/es\/wp-json\/wp\/v2\/media\/1438"}],"wp:attachment":[{"href":"https:\/\/www.viel-plastiques.fr\/es\/wp-json\/wp\/v2\/media?parent=1449"}],"wp:term":[{"taxonomy":"category","embeddable":true,"href":"https:\/\/www.viel-plastiques.fr\/es\/wp-json\/wp\/v2\/categories?post=1449"},{"taxonomy":"post_tag","embeddable":true,"href":"https:\/\/www.viel-plastiques.fr\/es\/wp-json\/wp\/v2\/tags?post=1449"}],"curies":[{"name":"wp","href":"https:\/\/api.w.org\/{rel}","templated":true}]}}