{"id":899,"date":"2022-10-20T11:17:48","date_gmt":"2022-10-20T09:17:48","guid":{"rendered":"https:\/\/www.viel-plastiques.fr\/viel-plastiques-recoit-le-prix-du-v-i-e-de-auvergne-rhone-alpes-entreprises\/"},"modified":"2024-05-24T11:22:28","modified_gmt":"2024-05-24T09:22:28","slug":"viel-plastiques-recoit-le-prix-du-v-i-e-de-auvergne-rhone-alpes-entreprises","status":"publish","type":"post","link":"https:\/\/www.viel-plastiques.fr\/es\/viel-plastiques-recoit-le-prix-du-v-i-e-de-auvergne-rhone-alpes-entreprises\/","title":{"rendered":"Viel Plastiques recibe el Premio de V.I.E. de Auvergne-Rhone-Alpes Empresas"},"content":{"rendered":"\n<p>Tenemos el honor de recibir el Premio de VIE de Auvergne-Rhone-Alpes Empresas el 10 de Octubre pasado.<\/p>\n\n\n\n<p>El dispositivo Business Francia VIE\/VIA Espacio Talentos de Negocios Francia, permite a empresas y j\u00f3venes diplomados de trabajo, junto en el mayor desarrollo internacional.<\/p>\n\n\n\n<p>Viel Plastiques ha tenido el placer de participar en el dispositivo durante varios a\u00f1os notoriamente en M\u00e9xico.<\/p>\n\n\n\n<p>Nuestro equipo tiene m\u00e1s all\u00e1, recientemente recibi\u00f3 a Arnaud Guinamant en Paises Bajos y a Imane Ait Rami en Italia!<\/p>\n\n\n\n<p>Ademas, tuvimos el placer de recibir el primo VIE, por tiempo y costos compartidos del dispositivo AURA (Auvergne-Rh\u00f4ne-Alpes Entreprises) en 2022, un contrato que permite a un VIE trabajar para dos empresas de la region a tiempo compartido<\/p>\n\n\n\n<p><a href=\"https:\/\/www.youtube.com\/watch?v=xWUjnU2wJRE\" target=\"_blank\" rel=\"noopener\" title=\"Descubrir la entrevista a Daniel Viel y Val\u00e9rie Poisat sobre el V.I.E. y, en particular, de las E.V.I. de tiempo y costes compartidos.\">Descubrir la entrevista a Daniel Viel y Val\u00e9rie Poisat sobre el V.I.E. y, en particular, de las E.V.I. de tiempo y costes compartidos.<\/a><\/p>\n\n\n\n<figure class=\"wp-block-gallery has-nested-images columns-default is-cropped wp-block-gallery-1 is-layout-flex wp-block-gallery-is-layout-flex\">\n<figure class=\"wp-block-image size-large\"><img decoding=\"async\" width=\"1024\" height=\"768\" data-id=\"1117\" src=\"https:\/\/www.viel-plastiques.fr\/wp-content\/uploads\/\/1.Imane-et-Arnaud-a-Interpack-1024x768.jpg\" alt=\"\" class=\"wp-image-1117\" srcset=\"https:\/\/www.viel-plastiques.fr\/wp-content\/uploads\/1.Imane-et-Arnaud-a-Interpack-1024x768.jpg 1024w, https:\/\/www.viel-plastiques.fr\/wp-content\/uploads\/1.Imane-et-Arnaud-a-Interpack-300x225.jpg 300w, https:\/\/www.viel-plastiques.fr\/wp-content\/uploads\/1.Imane-et-Arnaud-a-Interpack-768x576.jpg 768w, https:\/\/www.viel-plastiques.fr\/wp-content\/uploads\/1.Imane-et-Arnaud-a-Interpack-1536x1152.jpg 1536w, https:\/\/www.viel-plastiques.fr\/wp-content\/uploads\/1.Imane-et-Arnaud-a-Interpack.jpg 2048w\" sizes=\"(max-width: 1024px) 100vw, 1024px\" \/><\/figure>\n\n\n\n<figure class=\"wp-block-image size-large\"><img decoding=\"async\" width=\"1024\" height=\"576\" data-id=\"1114\" src=\"https:\/\/www.viel-plastiques.fr\/wp-content\/uploads\/\/2.-Arnaud-Daniel-VIEL-1024x576.jpg\" alt=\"\" class=\"wp-image-1114\" srcset=\"https:\/\/www.viel-plastiques.fr\/wp-content\/uploads\/2.-Arnaud-Daniel-VIEL-1024x576.jpg 1024w, https:\/\/www.viel-plastiques.fr\/wp-content\/uploads\/2.-Arnaud-Daniel-VIEL-300x169.jpg 300w, https:\/\/www.viel-plastiques.fr\/wp-content\/uploads\/2.-Arnaud-Daniel-VIEL-768x432.jpg 768w, https:\/\/www.viel-plastiques.fr\/wp-content\/uploads\/2.-Arnaud-Daniel-VIEL-1536x864.jpg 1536w, https:\/\/www.viel-plastiques.fr\/wp-content\/uploads\/2.-Arnaud-Daniel-VIEL.jpg 1600w\" sizes=\"(max-width: 1024px) 100vw, 1024px\" \/><\/figure>\n\n\n\n<figure class=\"wp-block-image size-large\"><img decoding=\"async\" width=\"1024\" height=\"576\" data-id=\"1111\" src=\"https:\/\/www.viel-plastiques.fr\/wp-content\/uploads\/2.-Equipe-VIEL-a-All4pack-2.jpg\" alt=\"\" class=\"wp-image-1111\" srcset=\"https:\/\/www.viel-plastiques.fr\/wp-content\/uploads\/2.-Equipe-VIEL-a-All4pack-2.jpg 1024w, https:\/\/www.viel-plastiques.fr\/wp-content\/uploads\/2.-Equipe-VIEL-a-All4pack-2-300x169.jpg 300w, https:\/\/www.viel-plastiques.fr\/wp-content\/uploads\/2.-Equipe-VIEL-a-All4pack-2-768x432.jpg 768w\" sizes=\"(max-width: 1024px) 100vw, 1024px\" \/><\/figure>\n<\/figure>\n\n\n\n<figure class=\"wp-block-gallery has-nested-images columns-default is-cropped wp-block-gallery-2 is-layout-flex wp-block-gallery-is-layout-flex\">\n<figure class=\"wp-block-image size-large\"><img decoding=\"async\" width=\"1024\" height=\"576\" data-id=\"1108\" src=\"https:\/\/www.viel-plastiques.fr\/wp-content\/uploads\/\/2.-Imane-Daniel-VIEL-1024x576.jpg\" alt=\"\" class=\"wp-image-1108\" srcset=\"https:\/\/www.viel-plastiques.fr\/wp-content\/uploads\/2.-Imane-Daniel-VIEL-1024x576.jpg 1024w, https:\/\/www.viel-plastiques.fr\/wp-content\/uploads\/2.-Imane-Daniel-VIEL-300x169.jpg 300w, https:\/\/www.viel-plastiques.fr\/wp-content\/uploads\/2.-Imane-Daniel-VIEL-768x432.jpg 768w, https:\/\/www.viel-plastiques.fr\/wp-content\/uploads\/2.-Imane-Daniel-VIEL-1536x863.jpg 1536w, https:\/\/www.viel-plastiques.fr\/wp-content\/uploads\/2.-Imane-Daniel-VIEL.jpg 2048w\" sizes=\"(max-width: 1024px) 100vw, 1024px\" \/><\/figure>\n\n\n\n<figure class=\"wp-block-image size-large\"><img decoding=\"async\" width=\"1024\" height=\"768\" data-id=\"1105\" src=\"https:\/\/www.viel-plastiques.fr\/wp-content\/uploads\/\/3.-Prix-VIE-couts-et-temps-partages-1024x768.jpg\" alt=\"\" class=\"wp-image-1105\" srcset=\"https:\/\/www.viel-plastiques.fr\/wp-content\/uploads\/3.-Prix-VIE-couts-et-temps-partages-1024x768.jpg 1024w, https:\/\/www.viel-plastiques.fr\/wp-content\/uploads\/3.-Prix-VIE-couts-et-temps-partages-300x225.jpg 300w, https:\/\/www.viel-plastiques.fr\/wp-content\/uploads\/3.-Prix-VIE-couts-et-temps-partages-768x576.jpg 768w, https:\/\/www.viel-plastiques.fr\/wp-content\/uploads\/3.-Prix-VIE-couts-et-temps-partages-1536x1152.jpg 1536w, https:\/\/www.viel-plastiques.fr\/wp-content\/uploads\/3.-Prix-VIE-couts-et-temps-partages.jpg 1707w\" sizes=\"(max-width: 1024px) 100vw, 1024px\" \/><\/figure>\n<\/figure>\n","protected":false},"excerpt":{"rendered":"<p>Tenemos el honor de recibir el Premio de VIE de [&hellip;]<\/p>\n","protected":false},"author":1,"featured_media":1105,"comment_status":"closed","ping_status":"closed","sticky":false,"template":"","format":"standard","meta":{"_acf_changed":false,"footnotes":""},"categories":[9],"tags":[],"class_list":["post-899","post","type-post","status-publish","format-standard","has-post-thumbnail","hentry","category-sin-categorizar"],"acf":[],"aioseo_notices":[],"_links":{"self":[{"href":"https:\/\/www.viel-plastiques.fr\/es\/wp-json\/wp\/v2\/posts\/899","targetHints":{"allow":["GET"]}}],"collection":[{"href":"https:\/\/www.viel-plastiques.fr\/es\/wp-json\/wp\/v2\/posts"}],"about":[{"href":"https:\/\/www.viel-plastiques.fr\/es\/wp-json\/wp\/v2\/types\/post"}],"author":[{"embeddable":true,"href":"https:\/\/www.viel-plastiques.fr\/es\/wp-json\/wp\/v2\/users\/1"}],"replies":[{"embeddable":true,"href":"https:\/\/www.viel-plastiques.fr\/es\/wp-json\/wp\/v2\/comments?post=899"}],"version-history":[{"count":3,"href":"https:\/\/www.viel-plastiques.fr\/es\/wp-json\/wp\/v2\/posts\/899\/revisions"}],"predecessor-version":[{"id":1343,"href":"https:\/\/www.viel-plastiques.fr\/es\/wp-json\/wp\/v2\/posts\/899\/revisions\/1343"}],"wp:featuredmedia":[{"embeddable":true,"href":"https:\/\/www.viel-plastiques.fr\/es\/wp-json\/wp\/v2\/media\/1105"}],"wp:attachment":[{"href":"https:\/\/www.viel-plastiques.fr\/es\/wp-json\/wp\/v2\/media?parent=899"}],"wp:term":[{"taxonomy":"category","embeddable":true,"href":"https:\/\/www.viel-plastiques.fr\/es\/wp-json\/wp\/v2\/categories?post=899"},{"taxonomy":"post_tag","embeddable":true,"href":"https:\/\/www.viel-plastiques.fr\/es\/wp-json\/wp\/v2\/tags?post=899"}],"curies":[{"name":"wp","href":"https:\/\/api.w.org\/{rel}","templated":true}]}}